{"id":117,"date":"2017-02-05T10:04:02","date_gmt":"2017-02-05T09:04:02","guid":{"rendered":"https:\/\/store.sportbook.live\/https-www-berndbraun-eu-relation-usa-iran-les-impacts-politico-economiques-pour-la-france-et-leurope\/"},"modified":"2022-02-09T19:04:07","modified_gmt":"2022-02-09T18:04:07","slug":"relation-usa-iran-les-impacts-politico-economiques-pour-la-france-et-leurope","status":"publish","type":"post","link":"https:\/\/store.sportbook.live\/en\/relation-usa-iran-les-impacts-politico-economiques-pour-la-france-et-leurope\/","title":{"rendered":"Relation USA-Iran : les impacts politico-\u00e9conomiques pour la France et l'Europe"},"content":{"rendered":"<div style=\"height:40px\" aria-hidden=\"true\" class=\"wp-block-spacer\"><\/div>\n\n\n\n<h2 class=\"has-medium-font-size wp-block-heading\" id=\"introduction\">Introduction<\/h2>\n\n\n\n<div style=\"height:20px\" aria-hidden=\"true\" class=\"wp-block-spacer\"><\/div>\n\n\n\n<p>&nbsp;&nbsp;&nbsp;&nbsp;&nbsp;&nbsp;&nbsp;&nbsp;&nbsp;&nbsp;&nbsp; Dans une volont\u00e9 de d\u00e9veloppement du march\u00e9 sur lequel nous souhaitons nous implanter \u2013 savoir les nouvelles technologies au plus proche des utilisateurs \u2013 dans cette soci\u00e9t\u00e9 en mouvement qu\u2019est l\u2019Iran, il est n\u00e9cessaire de prendre en compte les derniers \u00e9v\u00e9nements survenus \u00e0 l\u2019\u00e9chelle internationale et d\u2019en tirer profit lorsque ces derniers le permettent. &nbsp;&nbsp;&nbsp;<br><br>&nbsp;&nbsp;&nbsp;&nbsp;&nbsp;&nbsp;&nbsp;&nbsp;&nbsp;&nbsp;&nbsp; Depuis les r\u00e9sultats des \u00e9lections \u00e9tasuniennes jusqu\u2019\u00e0 la mont\u00e9 de l\u2019influence russe et asiatique sur la sc\u00e8ne mondiale, notre groupe a besoin de savoir quel position adopter pour conserver l\u2019avance qui semble \u00eatre la sienne dans l\u2019\u00e9tablissement d\u2019une certaine h\u00e9g\u00e9monie de nos produits sur le sol iranien, mais \u00e9galement dans l\u2019id\u00e9e de faire de la France un pays d\u2019appui pour le gouvernement iranien, sans pour autant nuire aux trait\u00e9s et contrats pass\u00e9s entre elle et les Nations qui, elles, souhaitent voir l\u2019Iran en marge de l\u2019\u00e9conomie globale. Par cons\u00e9quent, c\u2019est un travail de recherche minutieux et d\u2019une certaine diplomatie qui int\u00e9resse notre \u00e9tude, qui pourrait se traduire par une interrogation de la sorte&nbsp;: &nbsp;quelles sont les opportunit\u00e9s \u00e0 saisir pour d\u00e9velopper le commerce ext\u00e9rieur fran\u00e7ais dans le domaine qui est le n\u00f4tre&nbsp;?<\/p>\n\n\n\n<div style=\"height:35px\" aria-hidden=\"true\" class=\"wp-block-spacer\"><\/div>\n\n\n\n<h2 class=\"has-medium-font-size wp-block-heading\" id=\"i-l-election-de-monsieur-trump-la-figure-de-monroe-et-de-wilson-pour-un-nouveau-type-d-isolationnisme-americain\" style=\"text-transform:uppercase\">I. L\u2019\u00e9lection de Monsieur Trump, la figure de Monroe et de Wilson pour un nouveau type d\u2019isolationnisme am\u00e9ricain<\/h2>\n\n\n\n<div style=\"height:40px\" aria-hidden=\"true\" class=\"wp-block-spacer\"><\/div>\n\n\n\n<h2 class=\"has-medium-font-size wp-block-heading\" id=\"h-a-les-volontes-du-president-face-a-l-iran\">A. Les volont\u00e9s du Pr\u00e9sident face \u00e0 l\u2019Iran<\/h2>\n\n\n\n<p>&nbsp;&nbsp;&nbsp;&nbsp;&nbsp;&nbsp;&nbsp;&nbsp;&nbsp;&nbsp;&nbsp; D\u00e8s la premi\u00e8re semaine au pouvoir, le nouveau Pr\u00e9sident ass\u00e8ne le coup final au probl\u00e8me du Moyen-Orient&nbsp;; les \u00e9changes avec l\u2019Iran sont promis aux oubliettes. Une telle violence pourrait \u00eatre l\u00e9gitime au regard des alliances financi\u00e8res et partis-pris de Trump \u00e0 l\u2019\u00e9chelle internationale. D\u2019un c\u00f4t\u00e9, les pays p\u00e9trolif\u00e8res de la p\u00e9ninsule arabique restent le premier fournisseur des USA en or noir&nbsp;; par cons\u00e9quent, les jeux contemporains et religieux qui animent les relations entre ces pays, dont les pouvoirs sont sunnites, et l\u2019Iran \u00e0 majorit\u00e9 chiite. Cette dissension est le pr\u00e9texte id\u00e9al pour l\u2019administration pr\u00e9sidentielle pour s\u2019\u00e9carter des engagements et promesses d\u2019ouverture pos\u00e9s sur la table des n\u00e9gociations par l\u2019administration Obama. Un tel revirement de situation est \u00e9galement une main tendue \u00e0 Isra\u00ebl qui, quoique ce pays qui n\u2019aime personne parce qu\u2019il se m\u00e9fie de tout tol\u00e8re certains \u00e9changes avec les pays de la p\u00e9ninsule arabe \u2013 pour le p\u00e9trole \u2013 qui, donc avait en horreur les dispositions de Barack Obama vis-\u00e0-vis de l\u2019Iran. La Perse ne repr\u00e9sentant rien d\u2019autre qu\u2019un ennemi potentiel et puissant pour un peuple isra\u00e9lien int\u00e9ress\u00e9 par une remise en place du Grand Isra\u00ebl antique. Or, si les Perses parvenaient \u00e0 rejoindre l\u2019ensemble des pays d\u00e9velopp\u00e9s en termes de technologies, de march\u00e9, de finances et de puissance militaire, les volont\u00e9s h\u00e9bra\u00efques seraient ruin\u00e9es car les Iraniens poss\u00e8dent d\u00e9j\u00e0 une force capable de les tenir en respect, mais surtout de les envahir s\u2019ils se trouvait que les USA mettaient un terme \u00e0 la protection qu\u2019ils ont mise en place depuis 1948 dans la r\u00e9gion.<\/p>\n\n\n\n<div class=\"wp-block-image\"><figure class=\"aligncenter size-large\"><img decoding=\"async\" src=\"https:\/\/www.berndbraun.eu\/wp-content\/uploads\/2022\/02\/AdobeStock_278124461-1-1024x657.jpeg\" alt=\"\" class=\"wp-image-935\"\/><\/figure><\/div>\n\n\n\n<div style=\"height:40px\" aria-hidden=\"true\" class=\"wp-block-spacer\"><\/div>\n\n\n\n<h2 class=\"has-medium-font-size wp-block-heading\" id=\"b-un-dedain-pour-l-union-europeenne\">B. Un d\u00e9dain pour l\u2019Union europ\u00e9enne<\/h2>\n\n\n\n<p>&nbsp;&nbsp;&nbsp;&nbsp;&nbsp;&nbsp;&nbsp;&nbsp;&nbsp;&nbsp;&nbsp; Une telle opposition contre l\u2019Iran va de pair avec un certaine vision malsaine du Pr\u00e9sident quant \u00e0 l\u2019Union europ\u00e9enne. En effet, les diverses crises par lesquelles est pass\u00e9e notre continent, notamment ces cinq derni\u00e8res ann\u00e9es, l\u2019effondrement quasi-global du syst\u00e8me \u00e9conomique, politique et social de l\u2019Union offre un spectacle peu engageant \u00e0 premi\u00e8re vue pour le monde. A cela viennent s\u2019ajouter les prochaines \u00e9lections, en France et en Allemagne, qui promettent d\u2019\u00eatre une trag\u00e9die morale et diplomatique&nbsp;; \u00e0 l\u2019instar du \u00ab&nbsp;America&nbsp;\u00bb first, de nombreux partis politiques radicaux se sont vus confort\u00e9s dans leurs volont\u00e9s tout aussi isolationnistes que celles de Trump. Cependant, le point de conflit ne se trouve pas dans le seul d\u00e9sir de prot\u00e9ger le march\u00e9 am\u00e9ricain, mais surtout dans l\u2019id\u00e9e que l\u2019Union europ\u00e9enne est faible et fragile aux yeux de la pr\u00e9sidence am\u00e9ricaine. L\u2019UE repr\u00e9sente un march\u00e9 incomparable, certes, mais dont les dissensions internes, le manque de puissance militaire, la volont\u00e9 d\u2019ind\u00e9pendance face au Dollars am\u00e9ricain sont des points d\u00e9biles. Le Brexit est un t\u00e9moignage de cette faiblesse d\u2019une Europe incapable de retenir ses membres les plus puissants, incapable de prot\u00e9ger ses fronti\u00e8res, de voir au-del\u00e0 des pr\u00e9jug\u00e9s historiques pour faire entrer la Turquie et la Russie dans ses fronti\u00e8res, sinon physiques, du moins \u00e9conomiques.<\/p>\n\n\n\n<p>&nbsp;&nbsp;&nbsp;&nbsp;&nbsp;&nbsp;&nbsp;&nbsp;&nbsp;&nbsp;&nbsp; C\u2019est ici un deuxi\u00e8me lien de discorde entre les USA et l\u2019UE, une deuxi\u00e8me valeur ajout\u00e9e \u00e0 notre d\u00e9marche industrielle.<\/p>\n\n\n\n<div style=\"height:40px\" aria-hidden=\"true\" class=\"wp-block-spacer\"><\/div>\n\n\n\n<h2 class=\"has-medium-font-size wp-block-heading\" id=\"c-un-president-americain-pro-russe\">C. Un Pr\u00e9sident am\u00e9ricain pro-russe<\/h2>\n\n\n\n<p>&nbsp;&nbsp;&nbsp;&nbsp;&nbsp;&nbsp;&nbsp;&nbsp;&nbsp;&nbsp;&nbsp; La grande r\u00e9volution apport\u00e9e par Trump est son attrait pour la Russie, sa volont\u00e9 de tisser des liens solides entre l\u2019\u00e9conomie russe et celle de son pays. Une volont\u00e9 qui d\u00e9passe les conflits pass\u00e9s, qui fait faire un retour au monde moderne \u00e0 l\u2019\u00e9poque tsariste, alors que les USA et la Russie n\u2019avaient pas de grandes raisons d\u2019\u00eatre en conflit. C\u2019est un r\u00e9chauffement climatique international qui fait oublier la Guerre froide et les oppositions n\u00e9es des strat\u00e9gies de puissance des deux grands de ce monde sur les quarante derni\u00e8res ann\u00e9es. Un tel rapprochement est un signe pour le monde qui doit comprendre qu\u2019alors, au lieu d\u2019avoir les USA comme seuls \u00e0 jouer le r\u00f4le de gardien de l\u2019\u00e9quilibre mondial \u2013 gardien qui s\u00e8me le trouble partout o\u00f9 il s\u2019\u00e9gare \u2013 nous aurons un pouvoir \u00e9conomique ind\u00e9passable alli\u00e9 \u00e0 la plus grande force militaire du vieux continent et de l\u2019Asie. Pour l\u2019\u00e9conomie comme pour la s\u00fbret\u00e9 globale, cela pourrait n\u2019envisager rien de bon car, comprenant que la Russie, si elle se rangeait du c\u00f4t\u00e9 am\u00e9ricain, n\u2019aurait plus aucun autre obstacle que les ententes \u00e0 r\u00e9aliser avec les Am\u00e9ricains sur le modus operandi \u00e0 l\u2019\u00e9chelle mondiale dans les domaines de la finance, du militaire et de la diplomatie. La fin d\u2019une telle division des sch\u00e9mas de pouvoir permettrait aux USA d\u2019en terminer avec la Chine, l\u2019Europe, l\u2019Inde et de se permettre de d\u00e9velopper l\u2019Afrique pour ses propres b\u00e9n\u00e9fices.&nbsp;&nbsp;&nbsp;&nbsp;&nbsp;<\/p>\n\n\n\n<p>&nbsp;&nbsp;&nbsp;&nbsp;&nbsp;&nbsp;&nbsp;&nbsp;&nbsp;&nbsp;&nbsp; Cependant, une telle approche est d\u00e9licate car les Russes ont avec de nombreux pas des liens plus profonds et plus forts qu\u2019ils n\u2019en ont avec les USA, qui restent encore le premier adversaire international des volont\u00e9s am\u00e9ricaines en termes d\u2019h\u00e9g\u00e9monie. Une ardeur et une inventivit\u00e9 \u00e0 toute \u00e9preuve, de la part du g\u00e9ant de l\u2019ex-URSS, ont su tenir en alerte tous les experts militaires et sociaux am\u00e9ricains ces derni\u00e8res d\u00e9cennies. Aujourd\u2019hui, la mise en place d\u2019une telle alliance serait soumise \u00e0 un repositionnement de la Russie dans ses engagements aupr\u00e8s de partenaires tels que la Chine, l\u2019Inde et l\u2019Iran pour ce qui nous int\u00e9resse. Un mouvement d\u00e9licat.<\/p>\n\n\n\n<div style=\"height:40px\" aria-hidden=\"true\" class=\"wp-block-spacer\"><\/div>\n\n\n\n<h2 class=\"has-medium-font-size wp-block-heading\" id=\"ii-quid-de-ces-phenomenes-pour-la-france-et-pour-notre-industrie\" style=\"text-transform:uppercase\">II. Quid de ces ph\u00e9nom\u00e8nes pour la France et pour notre industrie&nbsp;?<\/h2>\n\n\n\n<div style=\"height:20px\" aria-hidden=\"true\" class=\"wp-block-spacer\"><\/div>\n\n\n\n<p>&nbsp;&nbsp;&nbsp;&nbsp;&nbsp;&nbsp;&nbsp;&nbsp;&nbsp;&nbsp;&nbsp; En termes de d\u00e9veloppement de notre entreprise, mais aussi en rapport avec les opportunit\u00e9s pour la France qu\u2019ouvrent de tels revirements de situation, dans l\u2019id\u00e9e d\u2019un lien nouveau \u00e0 tisser avec l\u2019Iran, les \u00e9v\u00e9nements r\u00e9cents sont une r\u00e9elle chance. En effet, d\u2019un point de vue simplement diplomatique, la France a maintenant libre cour en Iran puisque les USA vont augmenter leurs sanctions contre les Perses, mais vont \u00e9galement l\u00e2cher la bride de l\u2019Union europ\u00e9enne que la nouvelle pr\u00e9sidence am\u00e9ricaine d\u00e9consid\u00e8re tout-\u00e0-fait. Moyennant quelques prudences, notamment vis-\u00e0-vis de la Turquie, des pays de la p\u00e9ninsule arabe et d\u2019Isra\u00ebl \u2013 que la France depuis Charles De Gaulle ne respecte que par souci de se montrer bienveillante et responsable face \u00e0 un monde qui la pointe du doigt pour le Vel-d\u2019Hiv, mais \u00e9galement parce que cela arrangeait ses affaires avec les Etats-Unis \u2013 les pouvoirs fran\u00e7ais, dont nous sommes pratiquement certains qu\u2019ils tomberont aux mains d\u2019Emmanuel Macron (grand d\u00e9fenseur des entrepreneurs), auront toute libert\u00e9 d\u2019ouvrir les portes de l\u2019Empire d\u2019Iran et de ses march\u00e9s.<\/p>\n\n\n\n<p>&nbsp;&nbsp;&nbsp;&nbsp;&nbsp;&nbsp;&nbsp;&nbsp;&nbsp;&nbsp;&nbsp; Par ailleurs, si un rapprochement effectif venait \u00e0 se conclure entre les USA et la Russie, notre groupe, qui a pour objet de recherche et de d\u00e9veloppement les nouvelles technologies \u2013 en aviation, en transports, en technologies mobiles et connect\u00e9es \u2013 verrait la r\u00e9duction des contrats commerciaux entre les Russes et les Perses qui se sentiraient trahis&nbsp;; qui le seraient certainement pour la raison qu\u2019une telle alliance entre les deux vieux ennemis impliquerait un reniement des alliances de l\u2019ancienne puissance sovi\u00e9tique pass\u00e9es avec les marginalis\u00e9s du monde d\u00e9velopp\u00e9. De plus, un \u00e9loignement am\u00e9ricain des actions europ\u00e9ennes, mais surtout de ses finances et de son \u00e9conomie permettrait de faire souffler un air nouveau sur les \u00e9changes entre ses membres. Si les USA nous abandonnent, l\u2019Allemagne perdra son b\u00e2ton de soutien, les Anglais leur moyen d\u2019influence aupr\u00e8s des continentaux, la France reprendrait alors sa place de premi\u00e8re force au centre de l\u2019Europe. Or, avec une conduite digne des de relever les d\u00e9fis qui seront ceux de demain, les Fran\u00e7ais pourraient aider au maintien de l\u2019Union europ\u00e9enne, au renforcement des coop\u00e9rations entre les soci\u00e9t\u00e9s, tout en appuyant les d\u00e9marches de ses industriels \u00e0 l\u2019\u00e9tranger, notamment en Iran.<\/p>\n\n\n\n<p>&nbsp;&nbsp;&nbsp;&nbsp;&nbsp;&nbsp;&nbsp;&nbsp;&nbsp;&nbsp;&nbsp; Le sc\u00e9nario en pr\u00e9paration n\u2019est point catastrophique, il appelle cependant \u00e0 une d\u00e9licatesse et \u00e0 une capacit\u00e9 de pr\u00e9vision des mouvements g\u00e9n\u00e9raux de la part des puissances autour, comme des march\u00e9s et des autres industriels du secteur qui est le n\u00f4tre. Toutefois, une mise \u00e0 l\u2019\u00e9cart plus grande encore de l\u2019Iran sur la sc\u00e8ne internationale, une volont\u00e9 d\u2019en faire un nouveau territoire de terroristes est une chance pour nous qui, en incarnant une main tendue, un pouvoir tol\u00e9rant et sans pr\u00e9jug\u00e9s, entreront sur le march\u00e9 des Perses, dans leur soci\u00e9t\u00e9 sans difficult\u00e9&nbsp;; nous octroyant d\u2019embl\u00e9e la quasi-totalit\u00e9 des opportunit\u00e9s de d\u00e9veloppement de notre industrie, des b\u00e9n\u00e9fices que cela repr\u00e9sente.<\/p>\n\n\n\n<figure class=\"wp-block-gallery has-nested-images columns-default is-cropped wp-block-gallery-1 is-layout-flex wp-block-gallery-is-layout-flex\">\n<figure class=\"wp-block-image size-large\"><a href=\"https:\/\/www.berndbraun.eu\/wp-content\/uploads\/2022\/02\/AdobeStock_313509945-scaled.jpeg\"><img decoding=\"async\" data-id=\"939\" src=\"https:\/\/www.berndbraun.eu\/wp-content\/uploads\/2022\/02\/AdobeStock_313509945-1024x683.jpeg\" alt=\"\" class=\"wp-image-939\"\/><\/a><figcaption>T\u00e9h\u00e9ran<\/figcaption><\/figure>\n<\/figure>\n\n\n\n<div style=\"height:50px\" aria-hidden=\"true\" class=\"wp-block-spacer\"><\/div>\n\n\n\n<p class=\"has-text-align-center has-cyan-bluish-gray-color has-text-color has-small-font-size\">\u00a9 2022 Tous droits r\u00e9serv\u00e9s par BRAUN<\/p>","protected":false},"excerpt":{"rendered":"<p>Introduction &nbsp;&nbsp;&nbsp;&nbsp;&nbsp;&nbsp;&nbsp;&nbsp;&nbsp;&nbsp;&nbsp; Dans une volont\u00e9 de d\u00e9veloppement du march\u00e9 sur lequel nous souhaitons nous implanter \u2013 savoir les nouvelles technologies au plus proche des utilisateurs \u2013 dans cette soci\u00e9t\u00e9 en mouvement qu\u2019est l\u2019Iran, il est n\u00e9cessaire de prendre en compte les derniers \u00e9v\u00e9nements survenus \u00e0 l\u2019\u00e9chelle internationale et d\u2019en tirer profit lorsque ces derniers le [&hellip;]<\/p>","protected":false},"author":1,"featured_media":165,"comment_status":"open","ping_status":"open","sticky":false,"template":"","format":"standard","meta":{"footnotes":""},"categories":[],"tags":[],"class_list":["post-117","post","type-post","status-publish","format-standard","has-post-thumbnail","hentry"],"acf":[],"yoast_head":"<!-- This site is optimized with the Yoast SEO Premium plugin v21.5 (Yoast SEO v21.5) - https:\/\/yoast.com\/wordpress\/plugins\/seo\/ -->\n<title>Relation USA-Iran : les impacts politico-\u00e9conomiques pour la France et l&#039;Europe - SportBook store<\/title>\n<meta name=\"robots\" content=\"index, follow, max-snippet:-1, max-image-preview:large, max-video-preview:-1\" \/>\n<link rel=\"canonical\" href=\"https:\/\/store.sportbook.live\/en\/relation-usa-iran-les-impacts-politico-economiques-pour-la-france-et-leurope\/\" \/>\n<meta property=\"og:locale\" content=\"en_GB\" \/>\n<meta property=\"og:type\" content=\"article\" \/>\n<meta property=\"og:title\" content=\"Relation USA-Iran : les impacts politico-\u00e9conomiques pour la France et l&#039;Europe\" \/>\n<meta property=\"og:description\" content=\"Introduction &nbsp;&nbsp;&nbsp;&nbsp;&nbsp;&nbsp;&nbsp;&nbsp;&nbsp;&nbsp;&nbsp; Dans une volont\u00e9 de d\u00e9veloppement du march\u00e9 sur lequel nous souhaitons nous implanter \u2013 savoir les nouvelles technologies au plus proche des utilisateurs \u2013 dans cette soci\u00e9t\u00e9 en mouvement qu\u2019est l\u2019Iran, il est n\u00e9cessaire de prendre en compte les derniers \u00e9v\u00e9nements survenus \u00e0 l\u2019\u00e9chelle internationale et d\u2019en tirer profit lorsque ces derniers le [&hellip;]\" \/>\n<meta property=\"og:url\" content=\"https:\/\/store.sportbook.live\/en\/relation-usa-iran-les-impacts-politico-economiques-pour-la-france-et-leurope\/\" \/>\n<meta property=\"og:site_name\" content=\"SportBook store\" \/>\n<meta property=\"article:published_time\" content=\"2017-02-05T09:04:02+00:00\" \/>\n<meta property=\"article:modified_time\" content=\"2022-02-09T18:04:07+00:00\" \/>\n<meta property=\"og:image\" content=\"https:\/\/store.sportbook.live\/wp-content\/uploads\/2022\/02\/AdobeStock_355736206-scaled-1.jpeg\" \/>\n\t<meta property=\"og:image:width\" content=\"2560\" \/>\n\t<meta property=\"og:image:height\" content=\"1636\" \/>\n\t<meta property=\"og:image:type\" content=\"image\/jpeg\" \/>\n<meta name=\"author\" content=\"BigWay\" \/>\n<meta name=\"twitter:card\" content=\"summary_large_image\" \/>\n<meta name=\"twitter:label1\" content=\"Written by\" \/>\n\t<meta name=\"twitter:data1\" content=\"BigWay\" \/>\n\t<meta name=\"twitter:label2\" content=\"Estimated reading time\" \/>\n\t<meta name=\"twitter:data2\" content=\"10 minutes\" \/>\n<script type=\"application\/ld+json\" class=\"yoast-schema-graph\">{\"@context\":\"https:\/\/schema.org\",\"@graph\":[{\"@type\":\"WebPage\",\"@id\":\"https:\/\/store.sportbook.live\/relation-usa-iran-les-impacts-politico-economiques-pour-la-france-et-leurope\/\",\"url\":\"https:\/\/store.sportbook.live\/relation-usa-iran-les-impacts-politico-economiques-pour-la-france-et-leurope\/\",\"name\":\"Relation USA-Iran : les impacts politico-\u00e9conomiques pour la France et l'Europe - SportBook store\",\"isPartOf\":{\"@id\":\"https:\/\/store.sportbook.live\/#website\"},\"datePublished\":\"2017-02-05T09:04:02+00:00\",\"dateModified\":\"2022-02-09T18:04:07+00:00\",\"author\":{\"@id\":\"https:\/\/store.sportbook.live\/#\/schema\/person\/34945cd5f7ff7b24a374caa3231bf69b\"},\"breadcrumb\":{\"@id\":\"https:\/\/store.sportbook.live\/relation-usa-iran-les-impacts-politico-economiques-pour-la-france-et-leurope\/#breadcrumb\"},\"inLanguage\":\"en-GB\",\"potentialAction\":[{\"@type\":\"ReadAction\",\"target\":[\"https:\/\/store.sportbook.live\/relation-usa-iran-les-impacts-politico-economiques-pour-la-france-et-leurope\/\"]}]},{\"@type\":\"BreadcrumbList\",\"@id\":\"https:\/\/store.sportbook.live\/relation-usa-iran-les-impacts-politico-economiques-pour-la-france-et-leurope\/#breadcrumb\",\"itemListElement\":[{\"@type\":\"ListItem\",\"position\":1,\"name\":\"Accueil\",\"item\":\"https:\/\/store.sportbook.live\/\"},{\"@type\":\"ListItem\",\"position\":2,\"name\":\"Relation USA-Iran : les impacts politico-\u00e9conomiques pour la France et l'Europe\"}]},{\"@type\":\"WebSite\",\"@id\":\"https:\/\/store.sportbook.live\/#website\",\"url\":\"https:\/\/store.sportbook.live\/\",\"name\":\"SportBook store\",\"description\":\"\",\"potentialAction\":[{\"@type\":\"SearchAction\",\"target\":{\"@type\":\"EntryPoint\",\"urlTemplate\":\"https:\/\/store.sportbook.live\/?s={search_term_string}\"},\"query-input\":\"required name=search_term_string\"}],\"inLanguage\":\"en-GB\"},{\"@type\":\"Person\",\"@id\":\"https:\/\/store.sportbook.live\/#\/schema\/person\/34945cd5f7ff7b24a374caa3231bf69b\",\"name\":\"BigWay\",\"image\":{\"@type\":\"ImageObject\",\"inLanguage\":\"en-GB\",\"@id\":\"https:\/\/store.sportbook.live\/#\/schema\/person\/image\/\",\"url\":\"https:\/\/secure.gravatar.com\/avatar\/cacbb493b880e79c7c7ee92a702e80f44789a36182365548b8e5e57e731c8c20?s=96&d=mm&r=g\",\"contentUrl\":\"https:\/\/secure.gravatar.com\/avatar\/cacbb493b880e79c7c7ee92a702e80f44789a36182365548b8e5e57e731c8c20?s=96&d=mm&r=g\",\"caption\":\"BigWay\"},\"sameAs\":[\"https:\/\/store.sportbook.live\"]}]}<\/script>\n<!-- \/ Yoast SEO Premium plugin. -->","yoast_head_json":{"title":"Relation USA-Iran : les impacts politico-\u00e9conomiques pour la France et l'Europe - SportBook store","robots":{"index":"index","follow":"follow","max-snippet":"max-snippet:-1","max-image-preview":"max-image-preview:large","max-video-preview":"max-video-preview:-1"},"canonical":"https:\/\/store.sportbook.live\/en\/relation-usa-iran-les-impacts-politico-economiques-pour-la-france-et-leurope\/","og_locale":"en_GB","og_type":"article","og_title":"Relation USA-Iran : les impacts politico-\u00e9conomiques pour la France et l'Europe","og_description":"Introduction &nbsp;&nbsp;&nbsp;&nbsp;&nbsp;&nbsp;&nbsp;&nbsp;&nbsp;&nbsp;&nbsp; Dans une volont\u00e9 de d\u00e9veloppement du march\u00e9 sur lequel nous souhaitons nous implanter \u2013 savoir les nouvelles technologies au plus proche des utilisateurs \u2013 dans cette soci\u00e9t\u00e9 en mouvement qu\u2019est l\u2019Iran, il est n\u00e9cessaire de prendre en compte les derniers \u00e9v\u00e9nements survenus \u00e0 l\u2019\u00e9chelle internationale et d\u2019en tirer profit lorsque ces derniers le [&hellip;]","og_url":"https:\/\/store.sportbook.live\/en\/relation-usa-iran-les-impacts-politico-economiques-pour-la-france-et-leurope\/","og_site_name":"SportBook store","article_published_time":"2017-02-05T09:04:02+00:00","article_modified_time":"2022-02-09T18:04:07+00:00","og_image":[{"width":2560,"height":1636,"url":"https:\/\/store.sportbook.live\/wp-content\/uploads\/2022\/02\/AdobeStock_355736206-scaled-1.jpeg","type":"image\/jpeg"}],"author":"BigWay","twitter_card":"summary_large_image","twitter_misc":{"Written by":"BigWay","Estimated reading time":"10 minutes"},"schema":{"@context":"https:\/\/schema.org","@graph":[{"@type":"WebPage","@id":"https:\/\/store.sportbook.live\/relation-usa-iran-les-impacts-politico-economiques-pour-la-france-et-leurope\/","url":"https:\/\/store.sportbook.live\/relation-usa-iran-les-impacts-politico-economiques-pour-la-france-et-leurope\/","name":"Relation USA-Iran : les impacts politico-\u00e9conomiques pour la France et l'Europe - SportBook store","isPartOf":{"@id":"https:\/\/store.sportbook.live\/#website"},"datePublished":"2017-02-05T09:04:02+00:00","dateModified":"2022-02-09T18:04:07+00:00","author":{"@id":"https:\/\/store.sportbook.live\/#\/schema\/person\/34945cd5f7ff7b24a374caa3231bf69b"},"breadcrumb":{"@id":"https:\/\/store.sportbook.live\/relation-usa-iran-les-impacts-politico-economiques-pour-la-france-et-leurope\/#breadcrumb"},"inLanguage":"en-GB","potentialAction":[{"@type":"ReadAction","target":["https:\/\/store.sportbook.live\/relation-usa-iran-les-impacts-politico-economiques-pour-la-france-et-leurope\/"]}]},{"@type":"BreadcrumbList","@id":"https:\/\/store.sportbook.live\/relation-usa-iran-les-impacts-politico-economiques-pour-la-france-et-leurope\/#breadcrumb","itemListElement":[{"@type":"ListItem","position":1,"name":"Accueil","item":"https:\/\/store.sportbook.live\/"},{"@type":"ListItem","position":2,"name":"Relation USA-Iran : les impacts politico-\u00e9conomiques pour la France et l'Europe"}]},{"@type":"WebSite","@id":"https:\/\/store.sportbook.live\/#website","url":"https:\/\/store.sportbook.live\/","name":"SportBook store","description":"","potentialAction":[{"@type":"SearchAction","target":{"@type":"EntryPoint","urlTemplate":"https:\/\/store.sportbook.live\/?s={search_term_string}"},"query-input":"required name=search_term_string"}],"inLanguage":"en-GB"},{"@type":"Person","@id":"https:\/\/store.sportbook.live\/#\/schema\/person\/34945cd5f7ff7b24a374caa3231bf69b","name":"BigWay","image":{"@type":"ImageObject","inLanguage":"en-GB","@id":"https:\/\/store.sportbook.live\/#\/schema\/person\/image\/","url":"https:\/\/secure.gravatar.com\/avatar\/cacbb493b880e79c7c7ee92a702e80f44789a36182365548b8e5e57e731c8c20?s=96&d=mm&r=g","contentUrl":"https:\/\/secure.gravatar.com\/avatar\/cacbb493b880e79c7c7ee92a702e80f44789a36182365548b8e5e57e731c8c20?s=96&d=mm&r=g","caption":"BigWay"},"sameAs":["https:\/\/store.sportbook.live"]}]}},"_links":{"self":[{"href":"https:\/\/store.sportbook.live\/en\/wp-json\/wp\/v2\/posts\/117","targetHints":{"allow":["GET"]}}],"collection":[{"href":"https:\/\/store.sportbook.live\/en\/wp-json\/wp\/v2\/posts"}],"about":[{"href":"https:\/\/store.sportbook.live\/en\/wp-json\/wp\/v2\/types\/post"}],"author":[{"embeddable":true,"href":"https:\/\/store.sportbook.live\/en\/wp-json\/wp\/v2\/users\/1"}],"replies":[{"embeddable":true,"href":"https:\/\/store.sportbook.live\/en\/wp-json\/wp\/v2\/comments?post=117"}],"version-history":[{"count":1,"href":"https:\/\/store.sportbook.live\/en\/wp-json\/wp\/v2\/posts\/117\/revisions"}],"predecessor-version":[{"id":143,"href":"https:\/\/store.sportbook.live\/en\/wp-json\/wp\/v2\/posts\/117\/revisions\/143"}],"wp:featuredmedia":[{"embeddable":true,"href":"https:\/\/store.sportbook.live\/en\/wp-json\/wp\/v2\/media\/165"}],"wp:attachment":[{"href":"https:\/\/store.sportbook.live\/en\/wp-json\/wp\/v2\/media?parent=117"}],"wp:term":[{"taxonomy":"category","embeddable":true,"href":"https:\/\/store.sportbook.live\/en\/wp-json\/wp\/v2\/categories?post=117"},{"taxonomy":"post_tag","embeddable":true,"href":"https:\/\/store.sportbook.live\/en\/wp-json\/wp\/v2\/tags?post=117"}],"curies":[{"name":"wp","href":"https:\/\/api.w.org\/{rel}","templated":true}]}}