{"id":111,"date":"2021-12-07T20:22:34","date_gmt":"2021-12-07T19:22:34","guid":{"rendered":"https:\/\/store.sportbook.live\/https-www-berndbraun-eu-crise-migratoire-a-la-frontiere-polono-bielorusse-un-nouveau-front-entre-la-russie-et-leurope\/"},"modified":"2022-02-09T19:03:49","modified_gmt":"2022-02-09T18:03:49","slug":"crise-migratoire-a-la-frontiere-polono-bielorusse-un-nouveau-front-entre-la-russie-et-leurope","status":"publish","type":"post","link":"https:\/\/store.sportbook.live\/en\/crise-migratoire-a-la-frontiere-polono-bielorusse-un-nouveau-front-entre-la-russie-et-leurope\/","title":{"rendered":"Crise migratoire \u00e0 la fronti\u00e8re polono-bi\u00e9lorusse : un nouveau front entre la Russie et l'Europe"},"content":{"rendered":"<p>&nbsp;&nbsp;&nbsp;&nbsp;&nbsp;&nbsp;&nbsp;&nbsp;&nbsp;&nbsp;&nbsp; Apr\u00e8s la route des Balkans, une nouvelle route migratoire vers l'Europe occidentale devient pr\u00e9occupante : celle depuis la Bi\u00e9lorussie.<\/p>\n\n\n\n<p>&nbsp;&nbsp;&nbsp;&nbsp;&nbsp;&nbsp;&nbsp;&nbsp;&nbsp;&nbsp;&nbsp; Depuis l'\u00e9t\u00e9 2021, les gardes-frontaliers lituaniens, lettons et polonais assistent \u00e0 un afflux toujours grandissant de migrants franchissant ill\u00e9galement leurs fronti\u00e8res<a href=\"#_ftn1\">[1]<\/a>. D'apr\u00e8s les autorit\u00e9s des trois pays membres de l'UE, la majorit\u00e9 des migrants viennent du Moyen-Orient (Irak, Syrie, Y\u00e9men) et d'Afrique subsaharienne, et arrivent en Bi\u00e9lorussie par avion, soit depuis Moscou, soit depuis le Moyen-Orient, \u00e0 des prix avoisinants des milliers de dollars, avec l'aide des agences de voyages et autorit\u00e9s bi\u00e9lorusses d\u00e9livrant les visas<a href=\"#_ftn2\">[2]<\/a>.<\/p>\n\n\n\n<figure class=\"wp-block-video aligncenter\"><video controls src=\"https:\/\/www.berndbraun.eu\/wp-content\/uploads\/2021\/12\/40221555_338645481398127_6234249583451305969_n_Straz-Graniczna.mp4\"><\/video><figcaption>Les soldats polonais vis\u00e9s par des lasers <\/figcaption><\/figure>\n\n\n\n<div style=\"height:20px\" aria-hidden=\"true\" class=\"wp-block-spacer\"><\/div>\n\n\n\n<p> &nbsp;&nbsp;&nbsp;&nbsp;&nbsp;&nbsp;&nbsp;&nbsp;&nbsp;&nbsp;&nbsp; Les pays europ\u00e9ens d\u00e9noncent ces pratiques comme une \"guerre hybride\" orchestr\u00e9e par Minsk, visant \u00e0 d\u00e9stabiliser l'UE. Et ce, en r\u00e9ponse aux sanctions europ\u00e9ennes mises en place apr\u00e8s les contestations des \u00e9lections de 2020 r\u00e9prim\u00e9es par la police, et au d\u00e9tournement de l'avion Ryanair Ath\u00e8nes-Vilnius vers Minsk en mai 2021<a href=\"#_ftn3\">[3]<\/a>.<\/p>\n\n\n\n<figure class=\"wp-block-gallery columns-3 is-cropped wp-block-gallery-1 is-layout-flex wp-block-gallery-is-layout-flex\"><ul class=\"blocks-gallery-grid\"><li class=\"blocks-gallery-item\"><figure><a href=\"https:\/\/www.berndbraun.eu\/wp-content\/uploads\/2021\/12\/257461212_1721861508012682_4548832827162698059_n-1.jpg\"><img decoding=\"async\" src=\"https:\/\/www.berndbraun.eu\/wp-content\/uploads\/2021\/12\/257461212_1721861508012682_4548832827162698059_n-1-1024x768.jpg\" alt=\"\" data-id=\"669\" data-full-url=\"https:\/\/www.berndbraun.eu\/wp-content\/uploads\/2021\/12\/257461212_1721861508012682_4548832827162698059_n-1.jpg\" data-link=\"https:\/\/www.berndbraun.eu\/crise-migratoire-a-la-frontiere-polono-bielorusse-un-nouveau-front-entre-la-russie-et-leurope\/257461212_1721861508012682_4548832827162698059_n-1\/\" class=\"wp-image-669\"\/><\/a><\/figure><\/li><li class=\"blocks-gallery-item\"><figure><a href=\"https:\/\/www.berndbraun.eu\/wp-content\/uploads\/2021\/12\/257463700_1721861618012671_5080697625997604692_n-1.jpg\"><img decoding=\"async\" src=\"https:\/\/www.berndbraun.eu\/wp-content\/uploads\/2021\/12\/257463700_1721861618012671_5080697625997604692_n-1-1024x768.jpg\" alt=\"\" data-id=\"670\" data-full-url=\"https:\/\/www.berndbraun.eu\/wp-content\/uploads\/2021\/12\/257463700_1721861618012671_5080697625997604692_n-1.jpg\" data-link=\"https:\/\/www.berndbraun.eu\/crise-migratoire-a-la-frontiere-polono-bielorusse-un-nouveau-front-entre-la-russie-et-leurope\/257463700_1721861618012671_5080697625997604692_n-1\/\" class=\"wp-image-670\"\/><\/a><\/figure><\/li><li class=\"blocks-gallery-item\"><figure><a href=\"https:\/\/www.berndbraun.eu\/wp-content\/uploads\/2021\/12\/257546816_1721862641345902_6761912250633130826_n.jpg\"><img decoding=\"async\" src=\"https:\/\/www.berndbraun.eu\/wp-content\/uploads\/2021\/12\/257546816_1721862641345902_6761912250633130826_n-1024x768.jpg\" alt=\"\" data-id=\"671\" data-full-url=\"https:\/\/www.berndbraun.eu\/wp-content\/uploads\/2021\/12\/257546816_1721862641345902_6761912250633130826_n.jpg\" data-link=\"https:\/\/www.berndbraun.eu\/crise-migratoire-a-la-frontiere-polono-bielorusse-un-nouveau-front-entre-la-russie-et-leurope\/257546816_1721862641345902_6761912250633130826_n\/\" class=\"wp-image-671\"\/><\/a><\/figure><\/li><li class=\"blocks-gallery-item\"><figure><a href=\"https:\/\/www.berndbraun.eu\/wp-content\/uploads\/2021\/12\/261629360_1729651717233661_4562418706948755844_n.jpg\"><img decoding=\"async\" src=\"https:\/\/www.berndbraun.eu\/wp-content\/uploads\/2021\/12\/261629360_1729651717233661_4562418706948755844_n-1024x768.jpg\" alt=\"\" data-id=\"686\" data-full-url=\"https:\/\/www.berndbraun.eu\/wp-content\/uploads\/2021\/12\/261629360_1729651717233661_4562418706948755844_n.jpg\" data-link=\"https:\/\/www.berndbraun.eu\/crise-migratoire-a-la-frontiere-polono-bielorusse-un-nouveau-front-entre-la-russie-et-leurope\/261629360_1729651717233661_4562418706948755844_n\/\" class=\"wp-image-686\"\/><\/a><\/figure><\/li><li class=\"blocks-gallery-item\"><figure><a href=\"https:\/\/www.berndbraun.eu\/wp-content\/uploads\/2021\/12\/261311089_1729651933900306_2388754813852904987_n.jpg\"><img decoding=\"async\" src=\"https:\/\/www.berndbraun.eu\/wp-content\/uploads\/2021\/12\/261311089_1729651933900306_2388754813852904987_n-1024x768.jpg\" alt=\"\" data-id=\"683\" data-full-url=\"https:\/\/www.berndbraun.eu\/wp-content\/uploads\/2021\/12\/261311089_1729651933900306_2388754813852904987_n.jpg\" data-link=\"https:\/\/www.berndbraun.eu\/crise-migratoire-a-la-frontiere-polono-bielorusse-un-nouveau-front-entre-la-russie-et-leurope\/261311089_1729651933900306_2388754813852904987_n\/\" class=\"wp-image-683\"\/><\/a><\/figure><\/li><li class=\"blocks-gallery-item\"><figure><a href=\"https:\/\/www.berndbraun.eu\/wp-content\/uploads\/2021\/12\/261516153_1729652050566961_5799425760608447900_n.jpg\"><img decoding=\"async\" src=\"https:\/\/www.berndbraun.eu\/wp-content\/uploads\/2021\/12\/261516153_1729652050566961_5799425760608447900_n-1024x768.jpg\" alt=\"\" data-id=\"684\" data-full-url=\"https:\/\/www.berndbraun.eu\/wp-content\/uploads\/2021\/12\/261516153_1729652050566961_5799425760608447900_n.jpg\" data-link=\"https:\/\/www.berndbraun.eu\/crise-migratoire-a-la-frontiere-polono-bielorusse-un-nouveau-front-entre-la-russie-et-leurope\/261516153_1729652050566961_5799425760608447900_n\/\" class=\"wp-image-684\"\/><\/a><\/figure><\/li><li class=\"blocks-gallery-item\"><figure><a href=\"https:\/\/www.berndbraun.eu\/wp-content\/uploads\/2021\/12\/259702123_1725567197642113_119629354315785086_n.jpg\"><img decoding=\"async\" src=\"https:\/\/www.berndbraun.eu\/wp-content\/uploads\/2021\/12\/259702123_1725567197642113_119629354315785086_n.jpg\" alt=\"\" data-id=\"675\" data-full-url=\"https:\/\/www.berndbraun.eu\/wp-content\/uploads\/2021\/12\/259702123_1725567197642113_119629354315785086_n.jpg\" data-link=\"https:\/\/www.berndbraun.eu\/crise-migratoire-a-la-frontiere-polono-bielorusse-un-nouveau-front-entre-la-russie-et-leurope\/259702123_1725567197642113_119629354315785086_n\/\" class=\"wp-image-675\"\/><\/a><\/figure><\/li><li class=\"blocks-gallery-item\"><figure><a href=\"https:\/\/www.berndbraun.eu\/wp-content\/uploads\/2021\/12\/259313377_1725567537642079_5930586970306259451_n.jpg\"><img decoding=\"async\" src=\"https:\/\/www.berndbraun.eu\/wp-content\/uploads\/2021\/12\/259313377_1725567537642079_5930586970306259451_n-768x1024.jpg\" alt=\"\" data-id=\"673\" data-full-url=\"https:\/\/www.berndbraun.eu\/wp-content\/uploads\/2021\/12\/259313377_1725567537642079_5930586970306259451_n.jpg\" data-link=\"https:\/\/www.berndbraun.eu\/crise-migratoire-a-la-frontiere-polono-bielorusse-un-nouveau-front-entre-la-russie-et-leurope\/259313377_1725567537642079_5930586970306259451_n\/\" class=\"wp-image-673\"\/><\/a><\/figure><\/li><li class=\"blocks-gallery-item\"><figure><a href=\"https:\/\/www.berndbraun.eu\/wp-content\/uploads\/2021\/12\/260019260_1726062374259262_385659827930839417_n.jpg\"><img decoding=\"async\" src=\"https:\/\/www.berndbraun.eu\/wp-content\/uploads\/2021\/12\/260019260_1726062374259262_385659827930839417_n-1024x768.jpg\" alt=\"\" data-id=\"676\" data-full-url=\"https:\/\/www.berndbraun.eu\/wp-content\/uploads\/2021\/12\/260019260_1726062374259262_385659827930839417_n.jpg\" data-link=\"https:\/\/www.berndbraun.eu\/crise-migratoire-a-la-frontiere-polono-bielorusse-un-nouveau-front-entre-la-russie-et-leurope\/260019260_1726062374259262_385659827930839417_n\/\" class=\"wp-image-676\"\/><\/a><\/figure><\/li><\/ul><\/figure>\n\n\n\n<div style=\"height:20px\" aria-hidden=\"true\" class=\"wp-block-spacer\"><\/div>\n\n\n\n<p>&nbsp;&nbsp;&nbsp;&nbsp;&nbsp;&nbsp;&nbsp;&nbsp;&nbsp;&nbsp;&nbsp; Afin de prot\u00e9ger les fronti\u00e8res ext\u00e9rieures de l'Union europ\u00e9enne et de contenir ces flux migratoires, la Lettonie et la Lituanie ont d\u00e9cr\u00e9t\u00e9 l'\u00e9tat d'urgence, et commenc\u00e9 les travaux de construction de murs le long de leurs fronti\u00e8res avec la Bi\u00e9lorussie<a href=\"#_ftn4\">[4]<\/a>. Concernant la Pologne, outre l'\u00e9tat d'urgence d\u00e9cr\u00e9t\u00e9 dans toutes les communes fronti\u00e8res avec la Bi\u00e9lorussie, les autorit\u00e9s ont renforc\u00e9 les cl\u00f4tures, ainsi que les pr\u00e9sences polici\u00e8res et militaires le long de la ligne fronti\u00e8re (418 km)<a href=\"#_ftn5\">[5]<\/a>. R\u00e9cemment, \u00e0 l'instar de la Lettonie et de la Lituanie, la Pologne vient d'approuver la construction d'un mur, qui commencera d\u00e8s le mois de d\u00e9cembre de l'ann\u00e9e 2021<a href=\"#_ftn6\">[6]<\/a>.<\/p>\n\n\n\n<figure class=\"wp-block-video aligncenter\"><video controls src=\"https:\/\/www.berndbraun.eu\/wp-content\/uploads\/2021\/12\/54644014_1114339245769719_734317951953252519_n.mp4\"><\/video><figcaption> Les soldats polonais vis\u00e9s par des lasers <\/figcaption><\/figure>\n\n\n\n<div style=\"height:20px\" aria-hidden=\"true\" class=\"wp-block-spacer\"><\/div>\n\n\n\n<p>&nbsp;&nbsp;&nbsp;&nbsp;&nbsp;&nbsp;&nbsp;&nbsp;&nbsp;&nbsp;&nbsp; On remarque aussi un soutien militaire de l'\u00e9tranger, comme celui de la Grande-Bretagne qui a envoy\u00e9 une \u00e9quipe de 10 soldats pour soutenir leurs coll\u00e8gues, en mati\u00e8re de reconnaissance<a href=\"#_ftn7\">[7]<\/a>. D'autres pays europ\u00e9ens, comme la Tch\u00e9quie et la Lituanie, on r\u00e9cemment propos\u00e9 de l'aide \u00e0 la Pologne<a href=\"#_ftn8\">[8]<\/a>.<\/p>\n\n\n\n<p>&nbsp;&nbsp;&nbsp;&nbsp;&nbsp;&nbsp;&nbsp;&nbsp;&nbsp;&nbsp;&nbsp; Les pays voisins de la Bi\u00e9lorussie disposent de moyens diplomatiques pour tenter de pallier \u00e0 cette crise migratoire. L'OTAN, les USA et les trois pays baltes (Lituanie, Lettonie et Estonie) ont fait part de leurs soutiens \u00e0 la Pologne<a href=\"#_ftn9\">[9]<\/a>. Des aides humanitaires d\u00e9di\u00e9es aux migrants rest\u00e9s sur le territoire bi\u00e9lorusse ont \u00e9t\u00e9 propos\u00e9es par les gouvernements de Pologne et des pays baltes<a href=\"#_ftn10\">[10]<\/a>.<\/p>\n\n\n\n<figure class=\"wp-block-gallery columns-2 is-cropped wp-block-gallery-2 is-layout-flex wp-block-gallery-is-layout-flex\"><ul class=\"blocks-gallery-grid\"><li class=\"blocks-gallery-item\"><figure><a href=\"https:\/\/www.berndbraun.eu\/wp-content\/uploads\/2021\/12\/248008093_1718922191639947_4960917836654718331_n.jpg\"><img decoding=\"async\" src=\"https:\/\/www.berndbraun.eu\/wp-content\/uploads\/2021\/12\/248008093_1718922191639947_4960917836654718331_n.jpg\" alt=\"\" data-id=\"667\" data-full-url=\"https:\/\/www.berndbraun.eu\/wp-content\/uploads\/2021\/12\/248008093_1718922191639947_4960917836654718331_n.jpg\" data-link=\"https:\/\/www.berndbraun.eu\/crise-migratoire-a-la-frontiere-polono-bielorusse-un-nouveau-front-entre-la-russie-et-leurope\/248008093_1718922191639947_4960917836654718331_n\/\" class=\"wp-image-667\"\/><\/a><\/figure><\/li><li class=\"blocks-gallery-item\"><figure><a href=\"https:\/\/www.berndbraun.eu\/wp-content\/uploads\/2021\/12\/264664960_273820121440572_3595219079933187017_n.jpg\"><img decoding=\"async\" src=\"https:\/\/www.berndbraun.eu\/wp-content\/uploads\/2021\/12\/264664960_273820121440572_3595219079933187017_n.jpg\" alt=\"\" data-id=\"692\" data-full-url=\"https:\/\/www.berndbraun.eu\/wp-content\/uploads\/2021\/12\/264664960_273820121440572_3595219079933187017_n.jpg\" data-link=\"https:\/\/www.berndbraun.eu\/crise-migratoire-a-la-frontiere-polono-bielorusse-un-nouveau-front-entre-la-russie-et-leurope\/264664960_273820121440572_3595219079933187017_n\/\" class=\"wp-image-692\"\/><\/a><\/figure><\/li><\/ul><\/figure>\n\n\n\n<div style=\"height:20px\" aria-hidden=\"true\" class=\"wp-block-spacer\"><\/div>\n\n\n\n<p>&nbsp;&nbsp;&nbsp;&nbsp;&nbsp;&nbsp;&nbsp;&nbsp;&nbsp;&nbsp;La crise migratoire s'inscrit aussi dans un contexte purement g\u00e9opolitique.<\/p>\n\n\n\n<p> &nbsp;&nbsp;&nbsp;&nbsp;&nbsp;&nbsp;&nbsp;&nbsp; Depuis les \u00e9lections de 2020 qui furent contest\u00e9es, les relations UE-Bi\u00e9lorussie se sont d\u00e9t\u00e9rior\u00e9es, avec la mise en place des sanctions europ\u00e9ennes sur les officiels bi\u00e9lorusses<a href=\"#_ftn11\">[11]<\/a>. En r\u00e9ponse \u00e0 celles-ci, le pr\u00e9sident Loukachenko avait d\u00e9cid\u00e9 de ne plus arr\u00eater les migrants qui cherchaient \u00e0 entrer en Europe via le territoire bi\u00e9lorusse<a href=\"#_ftn12\">[12]<\/a>. En m\u00eame temps, les forces militaires bi\u00e9lorusses et russes avaient organis\u00e9 plusieurs exercices militaires le long de la fronti\u00e8re avec la Pologne et la Lituanie, comme ZAPAD<a href=\"#_ftn13\">[13]<\/a>. Un nouvel exercice surprise s'est d\u00e9roul\u00e9 peu avant les affrontements du 15-16 novembre 2021 au poste-fronti\u00e8re de Ku\u017anica<a href=\"#_ftn14\">[14]<\/a>. De nombreux t\u00e9moins des gardes-frontaliers ont signal\u00e9 la pr\u00e9sence de commandos bi\u00e9lorusses, voire russes, parmi les migrants tenus pour civils<a href=\"#_ftn15\">[15]<\/a>. Dans plusieurs endroits frontaliers, les policiers et militaires polonais ont subi diverses attaques : destruction de clot\u00fbre, jets de projectiles, usages de lasers aveuglants<a href=\"#_ftn16\">[16]<\/a>, etc.<\/p>\n\n\n\n<p>&nbsp;&nbsp;&nbsp;&nbsp;&nbsp;&nbsp;&nbsp;&nbsp;&nbsp;&nbsp;&nbsp; Derri\u00e8re la crise migratoire, on assiste plus que jamais \u00e0 la d\u00e9sinformation et aux pressions politiques et m\u00e9diatiques<a href=\"#_ftn17\">[17]<\/a>. Les m\u00e9dias se montrent de plus en plus anti-polonais, comme l\u2019a d\u00e9montr\u00e9 une fois de plus le cas du pr\u00e9sentateur Azarionok sur la cha\u00eene nationale CTV, \u00e9quivalent bi\u00e9lorusse de la TF1 fran\u00e7aise ou de la RTBF\/VRT belge<a href=\"#_ftn18\">[18]<\/a>.<\/p>\n\n\n\n<p>&nbsp;&nbsp;&nbsp;&nbsp;&nbsp;&nbsp;&nbsp;&nbsp;&nbsp;&nbsp;&nbsp; Les incidents \u00e0 la fronti\u00e8re polono-bi\u00e9lorusse ne repr\u00e9sentent donc pas seulement une crise migratoire, mais aussi un nouveau front g\u00e9ostrat\u00e9gique entre la Russie et l'Europe.<\/p>\n\n\n\n<figure class=\"wp-block-gallery columns-3 is-cropped wp-block-gallery-3 is-layout-flex wp-block-gallery-is-layout-flex\"><ul class=\"blocks-gallery-grid\"><li class=\"blocks-gallery-item\"><figure><a href=\"https:\/\/www.berndbraun.eu\/wp-content\/uploads\/2021\/12\/263537680_272394261583158_5593653392186744887_n.jpg\"><img decoding=\"async\" src=\"https:\/\/www.berndbraun.eu\/wp-content\/uploads\/2021\/12\/263537680_272394261583158_5593653392186744887_n-1024x684.jpg\" alt=\"\" data-id=\"690\" data-full-url=\"https:\/\/www.berndbraun.eu\/wp-content\/uploads\/2021\/12\/263537680_272394261583158_5593653392186744887_n.jpg\" data-link=\"https:\/\/www.berndbraun.eu\/crise-migratoire-a-la-frontiere-polono-bielorusse-un-nouveau-front-entre-la-russie-et-leurope\/263537680_272394261583158_5593653392186744887_n\/\" class=\"wp-image-690\"\/><\/a><\/figure><\/li><li class=\"blocks-gallery-item\"><figure><a href=\"https:\/\/www.berndbraun.eu\/wp-content\/uploads\/2021\/12\/263352358_272394321583152_7917062242775797392_n.jpg\"><img decoding=\"async\" src=\"https:\/\/www.berndbraun.eu\/wp-content\/uploads\/2021\/12\/263352358_272394321583152_7917062242775797392_n-1024x684.jpg\" alt=\"\" data-id=\"689\" data-full-url=\"https:\/\/www.berndbraun.eu\/wp-content\/uploads\/2021\/12\/263352358_272394321583152_7917062242775797392_n.jpg\" data-link=\"https:\/\/www.berndbraun.eu\/crise-migratoire-a-la-frontiere-polono-bielorusse-un-nouveau-front-entre-la-russie-et-leurope\/263352358_272394321583152_7917062242775797392_n\/\" class=\"wp-image-689\"\/><\/a><\/figure><\/li><li class=\"blocks-gallery-item\"><figure><a href=\"https:\/\/www.berndbraun.eu\/wp-content\/uploads\/2021\/12\/264600912_274072608081990_1314844994379849410_n.jpg\"><img decoding=\"async\" src=\"https:\/\/www.berndbraun.eu\/wp-content\/uploads\/2021\/12\/264600912_274072608081990_1314844994379849410_n-1024x576.jpg\" alt=\"\" data-id=\"691\" data-full-url=\"https:\/\/www.berndbraun.eu\/wp-content\/uploads\/2021\/12\/264600912_274072608081990_1314844994379849410_n.jpg\" data-link=\"https:\/\/www.berndbraun.eu\/crise-migratoire-a-la-frontiere-polono-bielorusse-un-nouveau-front-entre-la-russie-et-leurope\/264600912_274072608081990_1314844994379849410_n\/\" class=\"wp-image-691\"\/><\/a><\/figure><\/li><\/ul><\/figure>\n\n\n\n<div style=\"height:40px\" aria-hidden=\"true\" class=\"wp-block-spacer\"><\/div>\n\n\n\n<p class=\"has-text-align-center has-cyan-bluish-gray-color has-text-color has-small-font-size\">\u00a9 2021 Tous droits r\u00e9serv\u00e9s par BRAUN<\/p>","protected":false},"excerpt":{"rendered":"<p>&nbsp;&nbsp;&nbsp;&nbsp;&nbsp;&nbsp;&nbsp;&nbsp;&nbsp;&nbsp;&nbsp; Apr\u00e8s la route des Balkans, une nouvelle route migratoire vers l'Europe occidentale devient pr\u00e9occupante : celle depuis la Bi\u00e9lorussie. &nbsp;&nbsp;&nbsp;&nbsp;&nbsp;&nbsp;&nbsp;&nbsp;&nbsp;&nbsp;&nbsp; Depuis l'\u00e9t\u00e9 2021, les gardes-frontaliers lituaniens, lettons et polonais assistent \u00e0 un afflux toujours grandissant de migrants franchissant ill\u00e9galement leurs fronti\u00e8res[1]. D'apr\u00e8s les autorit\u00e9s des trois pays membres de l'UE, la majorit\u00e9 des migrants [&hellip;]<\/p>","protected":false},"author":1,"featured_media":160,"comment_status":"open","ping_status":"open","sticky":false,"template":"","format":"standard","meta":{"footnotes":""},"categories":[],"tags":[],"class_list":["post-111","post","type-post","status-publish","format-standard","has-post-thumbnail","hentry"],"acf":[],"yoast_head":"<!-- This site is optimized with the Yoast SEO Premium plugin v21.5 (Yoast SEO v21.5) - https:\/\/yoast.com\/wordpress\/plugins\/seo\/ -->\n<title>Crise migratoire \u00e0 la fronti\u00e8re polono-bi\u00e9lorusse : un nouveau front entre la Russie et l&#039;Europe - SportBook store<\/title>\n<meta name=\"robots\" content=\"index, follow, max-snippet:-1, max-image-preview:large, max-video-preview:-1\" \/>\n<link rel=\"canonical\" href=\"https:\/\/store.sportbook.live\/en\/crise-migratoire-a-la-frontiere-polono-bielorusse-un-nouveau-front-entre-la-russie-et-leurope\/\" \/>\n<meta property=\"og:locale\" content=\"en_GB\" \/>\n<meta property=\"og:type\" content=\"article\" \/>\n<meta property=\"og:title\" content=\"Crise migratoire \u00e0 la fronti\u00e8re polono-bi\u00e9lorusse : un nouveau front entre la Russie et l&#039;Europe\" \/>\n<meta property=\"og:description\" content=\"&nbsp;&nbsp;&nbsp;&nbsp;&nbsp;&nbsp;&nbsp;&nbsp;&nbsp;&nbsp;&nbsp; Apr\u00e8s la route des Balkans, une nouvelle route migratoire vers l&#039;Europe occidentale devient pr\u00e9occupante : celle depuis la Bi\u00e9lorussie. &nbsp;&nbsp;&nbsp;&nbsp;&nbsp;&nbsp;&nbsp;&nbsp;&nbsp;&nbsp;&nbsp; Depuis l&#039;\u00e9t\u00e9 2021, les gardes-frontaliers lituaniens, lettons et polonais assistent \u00e0 un afflux toujours grandissant de migrants franchissant ill\u00e9galement leurs fronti\u00e8res[1]. D&#039;apr\u00e8s les autorit\u00e9s des trois pays membres de l&#039;UE, la majorit\u00e9 des migrants [&hellip;]\" \/>\n<meta property=\"og:url\" content=\"https:\/\/store.sportbook.live\/en\/crise-migratoire-a-la-frontiere-polono-bielorusse-un-nouveau-front-entre-la-russie-et-leurope\/\" \/>\n<meta property=\"og:site_name\" content=\"SportBook store\" \/>\n<meta property=\"article:published_time\" content=\"2021-12-07T19:22:34+00:00\" \/>\n<meta property=\"article:modified_time\" content=\"2022-02-09T18:03:49+00:00\" \/>\n<meta property=\"og:image\" content=\"https:\/\/store.sportbook.live\/wp-content\/uploads\/2022\/02\/257461212_1721861508012682_4548832827162698059_n.jpg\" \/>\n\t<meta property=\"og:image:width\" content=\"2016\" \/>\n\t<meta property=\"og:image:height\" content=\"1512\" \/>\n\t<meta property=\"og:image:type\" content=\"image\/jpeg\" \/>\n<meta name=\"author\" content=\"BigWay\" \/>\n<meta name=\"twitter:card\" content=\"summary_large_image\" \/>\n<meta name=\"twitter:label1\" content=\"Written by\" \/>\n\t<meta name=\"twitter:data1\" content=\"BigWay\" \/>\n\t<meta name=\"twitter:label2\" content=\"Estimated reading time\" \/>\n\t<meta name=\"twitter:data2\" content=\"4 minutes\" \/>\n<script type=\"application\/ld+json\" class=\"yoast-schema-graph\">{\"@context\":\"https:\/\/schema.org\",\"@graph\":[{\"@type\":\"WebPage\",\"@id\":\"https:\/\/store.sportbook.live\/crise-migratoire-a-la-frontiere-polono-bielorusse-un-nouveau-front-entre-la-russie-et-leurope\/\",\"url\":\"https:\/\/store.sportbook.live\/crise-migratoire-a-la-frontiere-polono-bielorusse-un-nouveau-front-entre-la-russie-et-leurope\/\",\"name\":\"Crise migratoire \u00e0 la fronti\u00e8re polono-bi\u00e9lorusse : un nouveau front entre la Russie et l'Europe - SportBook store\",\"isPartOf\":{\"@id\":\"https:\/\/store.sportbook.live\/#website\"},\"datePublished\":\"2021-12-07T19:22:34+00:00\",\"dateModified\":\"2022-02-09T18:03:49+00:00\",\"author\":{\"@id\":\"https:\/\/store.sportbook.live\/#\/schema\/person\/34945cd5f7ff7b24a374caa3231bf69b\"},\"breadcrumb\":{\"@id\":\"https:\/\/store.sportbook.live\/crise-migratoire-a-la-frontiere-polono-bielorusse-un-nouveau-front-entre-la-russie-et-leurope\/#breadcrumb\"},\"inLanguage\":\"en-GB\",\"potentialAction\":[{\"@type\":\"ReadAction\",\"target\":[\"https:\/\/store.sportbook.live\/crise-migratoire-a-la-frontiere-polono-bielorusse-un-nouveau-front-entre-la-russie-et-leurope\/\"]}]},{\"@type\":\"BreadcrumbList\",\"@id\":\"https:\/\/store.sportbook.live\/crise-migratoire-a-la-frontiere-polono-bielorusse-un-nouveau-front-entre-la-russie-et-leurope\/#breadcrumb\",\"itemListElement\":[{\"@type\":\"ListItem\",\"position\":1,\"name\":\"Accueil\",\"item\":\"https:\/\/store.sportbook.live\/\"},{\"@type\":\"ListItem\",\"position\":2,\"name\":\"Crise migratoire \u00e0 la fronti\u00e8re polono-bi\u00e9lorusse : un nouveau front entre la Russie et l'Europe\"}]},{\"@type\":\"WebSite\",\"@id\":\"https:\/\/store.sportbook.live\/#website\",\"url\":\"https:\/\/store.sportbook.live\/\",\"name\":\"SportBook store\",\"description\":\"\",\"potentialAction\":[{\"@type\":\"SearchAction\",\"target\":{\"@type\":\"EntryPoint\",\"urlTemplate\":\"https:\/\/store.sportbook.live\/?s={search_term_string}\"},\"query-input\":\"required name=search_term_string\"}],\"inLanguage\":\"en-GB\"},{\"@type\":\"Person\",\"@id\":\"https:\/\/store.sportbook.live\/#\/schema\/person\/34945cd5f7ff7b24a374caa3231bf69b\",\"name\":\"BigWay\",\"image\":{\"@type\":\"ImageObject\",\"inLanguage\":\"en-GB\",\"@id\":\"https:\/\/store.sportbook.live\/#\/schema\/person\/image\/\",\"url\":\"https:\/\/secure.gravatar.com\/avatar\/cacbb493b880e79c7c7ee92a702e80f44789a36182365548b8e5e57e731c8c20?s=96&d=mm&r=g\",\"contentUrl\":\"https:\/\/secure.gravatar.com\/avatar\/cacbb493b880e79c7c7ee92a702e80f44789a36182365548b8e5e57e731c8c20?s=96&d=mm&r=g\",\"caption\":\"BigWay\"},\"sameAs\":[\"https:\/\/store.sportbook.live\"]}]}<\/script>\n<!-- \/ Yoast SEO Premium plugin. -->","yoast_head_json":{"title":"Crise migratoire \u00e0 la fronti\u00e8re polono-bi\u00e9lorusse : un nouveau front entre la Russie et l'Europe - SportBook store","robots":{"index":"index","follow":"follow","max-snippet":"max-snippet:-1","max-image-preview":"max-image-preview:large","max-video-preview":"max-video-preview:-1"},"canonical":"https:\/\/store.sportbook.live\/en\/crise-migratoire-a-la-frontiere-polono-bielorusse-un-nouveau-front-entre-la-russie-et-leurope\/","og_locale":"en_GB","og_type":"article","og_title":"Crise migratoire \u00e0 la fronti\u00e8re polono-bi\u00e9lorusse : un nouveau front entre la Russie et l'Europe","og_description":"&nbsp;&nbsp;&nbsp;&nbsp;&nbsp;&nbsp;&nbsp;&nbsp;&nbsp;&nbsp;&nbsp; Apr\u00e8s la route des Balkans, une nouvelle route migratoire vers l'Europe occidentale devient pr\u00e9occupante : celle depuis la Bi\u00e9lorussie. &nbsp;&nbsp;&nbsp;&nbsp;&nbsp;&nbsp;&nbsp;&nbsp;&nbsp;&nbsp;&nbsp; Depuis l'\u00e9t\u00e9 2021, les gardes-frontaliers lituaniens, lettons et polonais assistent \u00e0 un afflux toujours grandissant de migrants franchissant ill\u00e9galement leurs fronti\u00e8res[1]. D'apr\u00e8s les autorit\u00e9s des trois pays membres de l'UE, la majorit\u00e9 des migrants [&hellip;]","og_url":"https:\/\/store.sportbook.live\/en\/crise-migratoire-a-la-frontiere-polono-bielorusse-un-nouveau-front-entre-la-russie-et-leurope\/","og_site_name":"SportBook store","article_published_time":"2021-12-07T19:22:34+00:00","article_modified_time":"2022-02-09T18:03:49+00:00","og_image":[{"width":2016,"height":1512,"url":"https:\/\/store.sportbook.live\/wp-content\/uploads\/2022\/02\/257461212_1721861508012682_4548832827162698059_n.jpg","type":"image\/jpeg"}],"author":"BigWay","twitter_card":"summary_large_image","twitter_misc":{"Written by":"BigWay","Estimated reading time":"4 minutes"},"schema":{"@context":"https:\/\/schema.org","@graph":[{"@type":"WebPage","@id":"https:\/\/store.sportbook.live\/crise-migratoire-a-la-frontiere-polono-bielorusse-un-nouveau-front-entre-la-russie-et-leurope\/","url":"https:\/\/store.sportbook.live\/crise-migratoire-a-la-frontiere-polono-bielorusse-un-nouveau-front-entre-la-russie-et-leurope\/","name":"Crise migratoire \u00e0 la fronti\u00e8re polono-bi\u00e9lorusse : un nouveau front entre la Russie et l'Europe - SportBook store","isPartOf":{"@id":"https:\/\/store.sportbook.live\/#website"},"datePublished":"2021-12-07T19:22:34+00:00","dateModified":"2022-02-09T18:03:49+00:00","author":{"@id":"https:\/\/store.sportbook.live\/#\/schema\/person\/34945cd5f7ff7b24a374caa3231bf69b"},"breadcrumb":{"@id":"https:\/\/store.sportbook.live\/crise-migratoire-a-la-frontiere-polono-bielorusse-un-nouveau-front-entre-la-russie-et-leurope\/#breadcrumb"},"inLanguage":"en-GB","potentialAction":[{"@type":"ReadAction","target":["https:\/\/store.sportbook.live\/crise-migratoire-a-la-frontiere-polono-bielorusse-un-nouveau-front-entre-la-russie-et-leurope\/"]}]},{"@type":"BreadcrumbList","@id":"https:\/\/store.sportbook.live\/crise-migratoire-a-la-frontiere-polono-bielorusse-un-nouveau-front-entre-la-russie-et-leurope\/#breadcrumb","itemListElement":[{"@type":"ListItem","position":1,"name":"Accueil","item":"https:\/\/store.sportbook.live\/"},{"@type":"ListItem","position":2,"name":"Crise migratoire \u00e0 la fronti\u00e8re polono-bi\u00e9lorusse : un nouveau front entre la Russie et l'Europe"}]},{"@type":"WebSite","@id":"https:\/\/store.sportbook.live\/#website","url":"https:\/\/store.sportbook.live\/","name":"SportBook store","description":"","potentialAction":[{"@type":"SearchAction","target":{"@type":"EntryPoint","urlTemplate":"https:\/\/store.sportbook.live\/?s={search_term_string}"},"query-input":"required name=search_term_string"}],"inLanguage":"en-GB"},{"@type":"Person","@id":"https:\/\/store.sportbook.live\/#\/schema\/person\/34945cd5f7ff7b24a374caa3231bf69b","name":"BigWay","image":{"@type":"ImageObject","inLanguage":"en-GB","@id":"https:\/\/store.sportbook.live\/#\/schema\/person\/image\/","url":"https:\/\/secure.gravatar.com\/avatar\/cacbb493b880e79c7c7ee92a702e80f44789a36182365548b8e5e57e731c8c20?s=96&d=mm&r=g","contentUrl":"https:\/\/secure.gravatar.com\/avatar\/cacbb493b880e79c7c7ee92a702e80f44789a36182365548b8e5e57e731c8c20?s=96&d=mm&r=g","caption":"BigWay"},"sameAs":["https:\/\/store.sportbook.live"]}]}},"_links":{"self":[{"href":"https:\/\/store.sportbook.live\/en\/wp-json\/wp\/v2\/posts\/111","targetHints":{"allow":["GET"]}}],"collection":[{"href":"https:\/\/store.sportbook.live\/en\/wp-json\/wp\/v2\/posts"}],"about":[{"href":"https:\/\/store.sportbook.live\/en\/wp-json\/wp\/v2\/types\/post"}],"author":[{"embeddable":true,"href":"https:\/\/store.sportbook.live\/en\/wp-json\/wp\/v2\/users\/1"}],"replies":[{"embeddable":true,"href":"https:\/\/store.sportbook.live\/en\/wp-json\/wp\/v2\/comments?post=111"}],"version-history":[{"count":1,"href":"https:\/\/store.sportbook.live\/en\/wp-json\/wp\/v2\/posts\/111\/revisions"}],"predecessor-version":[{"id":137,"href":"https:\/\/store.sportbook.live\/en\/wp-json\/wp\/v2\/posts\/111\/revisions\/137"}],"wp:featuredmedia":[{"embeddable":true,"href":"https:\/\/store.sportbook.live\/en\/wp-json\/wp\/v2\/media\/160"}],"wp:attachment":[{"href":"https:\/\/store.sportbook.live\/en\/wp-json\/wp\/v2\/media?parent=111"}],"wp:term":[{"taxonomy":"category","embeddable":true,"href":"https:\/\/store.sportbook.live\/en\/wp-json\/wp\/v2\/categories?post=111"},{"taxonomy":"post_tag","embeddable":true,"href":"https:\/\/store.sportbook.live\/en\/wp-json\/wp\/v2\/tags?post=111"}],"curies":[{"name":"wp","href":"https:\/\/api.w.org\/{rel}","templated":true}]}}